{"id":131,"date":"2018-10-18T11:50:22","date_gmt":"2018-10-18T11:50:22","guid":{"rendered":"http:\/\/www.abogadosdemalaga.es\/blog\/?p=131"},"modified":"2018-10-18T11:53:23","modified_gmt":"2018-10-18T11:53:23","slug":"la-denuncia-como-medio-de-iniciacion-del-proceso-penal","status":"publish","type":"post","link":"https:\/\/www.abogadosdemalaga.es\/blog\/2018\/10\/18\/la-denuncia-como-medio-de-iniciacion-del-proceso-penal\/","title":{"rendered":"LA DENUNCIA COMO MEDIO DE INICIACI\u00d3N DEL PROCESO PENAL"},"content":{"rendered":"<p>Es habitual leer en la prensa que se ha formulado denuncia por un posible delito pero muchas veces bajo esa denominaci\u00f3n no se encuentra la verdadera naturaleza jur\u00eddica de la denuncia y es por ello que hay que hacer algunas precisiones<\/p>\n<p>Desde el punto de vista t\u00e9cnico se habla denuncia s\u00f3lo en el caso de aquella declaraci\u00f3n o manifestaci\u00f3n de voluntad que realiza un particular en su condici\u00f3n de persona f\u00edsica poniendo en conocimiento de la autoridad competente un hecho o hechos que considera que pueden ser delictivos sin tener que hacer una calificaci\u00f3n jur\u00eddica de los mismos . Por lo tanto tan s\u00f3lo ponen en conocimiento hechos y no derecho marcando una clara diferencia en relaci\u00f3n a la querella y en todo caso podemos ser asistidos por experto <strong>abogado penalista m\u00e1laga<\/strong> que nos aconsejar\u00e1 sobre el medio m\u00e1s idoneo de presentaci\u00f3n<\/p>\n<p>Desde el punto de de la calle se suele pensar que el t\u00e9rmino denuncia es relativo siempre al \u00e1mbito penal pero tambi\u00e9n se admite el t\u00e9rmino denuncia en relaci\u00f3n al \u00e1mbito administrativo dando lugar a un procedimiento de ese tipo. \u00a0La denuncia penal dar\u00e1 origen a un procedimiento de dicha naturaleza que no tiene siempre porque llegar a t\u00e9rmino mediante sentencia ya que en el camino es posible dictar un auto de sobreseimiento libre en el caso que no sea constitutivo de delito grave o menos grave o archivo provisional si no se sabe cu\u00e1l es el autor de los hechos denunciados.<\/p>\n<p>En el caso de menores o personas con la capacidad limitada podr\u00e1n formular dicha denuncia l\u00f3gicamente sus padres o representantes legales de sustituci\u00f3n de aquellos admiti\u00e9ndose a veces la f\u00f3rmula de presentaci\u00f3n de la denuncia por menor y ratificada posteriormente por el padre o tutor.<\/p>\n<p>Respecto al c\u00f3mo hacer una denuncia aqu\u00ed tambi\u00e9n encontramos una clara diferencia con la querella ya que aqu\u00e9lla se puede presentar de forma escrita u oral en el entendido sentido que se entiende oral la manifestaci\u00f3n verbal ante el funcionario o autoridad que reciba la declaraci\u00f3n procediendo inmediatamente este a levantar acta de la misma y l\u00f3gicamente dando las oportunas copias al denunciante como garant\u00eda de su presentaci\u00f3n y siendo firmada tanto por el denunciante como por la autoridad o agente que la reciba.<\/p>\n<p>Otra precisi\u00f3n terminol\u00f3gica asociada al t\u00e9rmino denuncia es aquella relativa a la creencia popular que uno puede dejar de denunciar un hecho presuntamente delictivo porque as\u00ed,por ejemplo, \u00a0es m\u00e1s c\u00f3modo o genera menos inconvenientes y esa actitud choca frontalmente con lo establecido en el c\u00f3digo penal que habla de la obligatoriedad de dicha denuncia. Paralelamente establece excepciones a esa obligaci\u00f3n respecto al c\u00f3nyuge, ascendientes o descendientes del delincuente y en ning\u00fan caso para que ellos funcionarios que conozcan los hechos delictivos por raz\u00f3n de su cargo. Sobre este particular es interesante ser aconsejados por <strong><a href=\"https:\/\/www.abogadosdesevilla.es\">abogados sevilla<\/a><\/strong> en el caso de residir en esa provincia.<\/p>\n<p>Para finalizar es necesario matizar tambi\u00e9n esa creencia que no ocurre nada cuando se denuncia falsamente ya que el c\u00f3digo penal prev\u00e9 expresamente esa conducta reprobable asign\u00e1ndole distinta pena en funci\u00f3n que se denuncian falsamente hechos constitutivos de delito grave o menos grave con penas privativas de libertad que pueden llegar a 2 a\u00f1os de duraci\u00f3n.<\/p>\n","protected":false},"excerpt":{"rendered":"<p>Es habitual leer en la prensa que se ha formulado denuncia por un posible delito pero muchas veces bajo esa denominaci\u00f3n no se encuentra la verdadera naturaleza jur\u00eddica de la denuncia y es por ello que hay que hacer algunas &hellip; <a href=\"https:\/\/www.abogadosdemalaga.es\/blog\/2018\/10\/18\/la-denuncia-como-medio-de-iniciacion-del-proceso-penal\/\">Sigue leyendo <span class=\"meta-nav\">&rarr;<\/span><\/a><\/p>\n","protected":false},"author":1,"featured_media":0,"comment_status":"closed","ping_status":"closed","sticky":false,"template":"","format":"standard","meta":{"footnotes":""},"categories":[1,6],"tags":[26,28,27],"_links":{"self":[{"href":"https:\/\/www.abogadosdemalaga.es\/blog\/wp-json\/wp\/v2\/posts\/131"}],"collection":[{"href":"https:\/\/www.abogadosdemalaga.es\/blog\/wp-json\/wp\/v2\/posts"}],"about":[{"href":"https:\/\/www.abogadosdemalaga.es\/blog\/wp-json\/wp\/v2\/types\/post"}],"author":[{"embeddable":true,"href":"https:\/\/www.abogadosdemalaga.es\/blog\/wp-json\/wp\/v2\/users\/1"}],"replies":[{"embeddable":true,"href":"https:\/\/www.abogadosdemalaga.es\/blog\/wp-json\/wp\/v2\/comments?post=131"}],"version-history":[{"count":3,"href":"https:\/\/www.abogadosdemalaga.es\/blog\/wp-json\/wp\/v2\/posts\/131\/revisions"}],"predecessor-version":[{"id":134,"href":"https:\/\/www.abogadosdemalaga.es\/blog\/wp-json\/wp\/v2\/posts\/131\/revisions\/134"}],"wp:attachment":[{"href":"https:\/\/www.abogadosdemalaga.es\/blog\/wp-json\/wp\/v2\/media?parent=131"}],"wp:term":[{"taxonomy":"category","embeddable":true,"href":"https:\/\/www.abogadosdemalaga.es\/blog\/wp-json\/wp\/v2\/categories?post=131"},{"taxonomy":"post_tag","embeddable":true,"href":"https:\/\/www.abogadosdemalaga.es\/blog\/wp-json\/wp\/v2\/tags?post=131"}],"curies":[{"name":"wp","href":"https:\/\/api.w.org\/{rel}","templated":true}]}}